{"id":3004,"date":"2023-05-18T10:00:00","date_gmt":"2023-05-18T08:00:00","guid":{"rendered":"https:\/\/manther.de\/?p=3004"},"modified":"2023-05-07T15:20:23","modified_gmt":"2023-05-07T13:20:23","slug":"koerperbild-und-konservative-rechte","status":"publish","type":"post","link":"https:\/\/manther.de\/fr\/2023\/05\/koerperbild-und-konservative-rechte\/","title":{"rendered":"Image du corps et droite conservatrice"},"content":{"rendered":"\n<p><strong>La droite conservatrice, les fondamentalistes chr\u00e9tiens et les opposants \u00e0 l&#8217;avortement ont souvent une conception morale stricte de la sexualit\u00e9 et d\u00e9fendent une attitude conservatrice vis-\u00e0-vis de la sexualit\u00e9 et des droits \u00e0 la reproduction. Cette attitude peut influencer notre vision de la sexualit\u00e9 de diff\u00e9rentes mani\u00e8res :<\/strong><\/p>\n\n\n\n<h2 class=\"wp-block-heading\">Stigmatisation de l&#8217;avortement<\/h2>\n\n\n\n<p>Les opposants \u00e0 l&#8217;avortement argumentent souvent que l&#8217;avortement est immoral et qu&#8217;il va \u00e0 l&#8217;encontre du droit \u00e0 la vie. Cela peut conduire \u00e0 la stigmatisation et \u00e0 la honte des femmes qui envisagent d&#8217;avorter.<\/p>\n\n\n\n<h2 class=\"wp-block-heading\">Restrictions sur l&#8217;\u00e9ducation sexuelle<\/h2>\n\n\n\n<p>Certains groupes conservateurs militent pour des restrictions de l&#8217;\u00e9ducation sexuelle dans les \u00e9coles et pr\u00e9f\u00e8rent une approche ax\u00e9e sur l&#8217;abstinence. Cela peut conduire \u00e0 ce que les jeunes soient insuffisamment inform\u00e9s sur leur sexualit\u00e9 et qu&#8217;ils soient confront\u00e9s plus tard \u00e0 des probl\u00e8mes tels que la grossesse non d\u00e9sir\u00e9e ou les infections sexuellement transmissibles.<\/p>\n\n\n\n<h2 class=\"wp-block-heading\">Limitation des droits LGBT<\/h2>\n\n\n\n<p>La droite conservatrice et les fondamentalistes chr\u00e9tiens ont souvent une attitude hostile envers la communaut\u00e9 LGBT et militent pour des restrictions de leurs droits. Cela peut conduire les personnes LGBT \u00e0 se sentir discrimin\u00e9es et exclues et \u00e0 ne pas pouvoir vivre librement leur sexualit\u00e9.<\/p>\n\n\n\n<h2 class=\"wp-block-heading\">Accent sur les r\u00f4les traditionnels des sexes<\/h2>\n\n\n\n<p>Les groupes conservateurs soulignent souvent l&#8217;importance des r\u00f4les traditionnels de genre et rejettent les approches progressistes qui soutiennent la fluidit\u00e9 de genre ou d&#8217;autres formes d&#8217;identit\u00e9 de genre. Cela peut conduire \u00e0 la discrimination et \u00e0 la stigmatisation des personnes qui ne s&#8217;identifient pas aux r\u00f4les traditionnels de genre.<\/p>\n\n\n\n<p>Les id\u00e9es de la droite conservatrice, des fondamentalistes chr\u00e9tiens et des opposants \u00e0 l&#8217;avortement ont une grande influence sur la soci\u00e9t\u00e9. Elles influencent les lois et les r\u00e8glements qui r\u00e9gissent la sexualit\u00e9, ainsi que l&#8217;opinion publique \u00e0 ce sujet. Les personnes qui suivent ces convictions peuvent souvent avoir des pr\u00e9jug\u00e9s contre les personnes qui expriment ou vivent leur sexualit\u00e9 diff\u00e9remment.<\/p>\n\n\n\n<h2 class=\"wp-block-heading\">Cons\u00e9quences pour nous, auteurs<\/h2>\n\n\n\n<p>Tout cela a des cons\u00e9quences pour les auteurs de litt\u00e9rature \u00e9rotique. Nous devons \u00eatre conscients de la mani\u00e8re dont notre travail est influenc\u00e9 par ces croyances controvers\u00e9es. Dans de nombreux cas, nous pouvons agir comme briseurs de tabous ou comme pr\u00e9curseurs d&#8217;un changement culturel. Il est important que nous nous informions sur les id\u00e9es et les pr\u00e9jug\u00e9s conservateurs afin de contextualiser notre travail et de d\u00e9velopper une compr\u00e9hension profonde de notre lectorat.<\/p>\n\n\n\n<p>En \u00e9tant conscients de la mani\u00e8re dont ces croyances influencent notre travail, nous pouvons prendre des d\u00e9cisions \u00e9clair\u00e9es et soutenir notre lectorat de mani\u00e8re \u00e9clair\u00e9e. En fin de compte, il est important que nous d\u00e9veloppions tous une compr\u00e9hension profonde et un respect de la diversit\u00e9 sexuelle et de la libert\u00e9 dans notre soci\u00e9t\u00e9.<\/p>\n","protected":false},"excerpt":{"rendered":"<p>La droite conservatrice, les fondamentalistes chr\u00e9tiens et les opposants \u00e0 l&#8217;avortement ont souvent une conception morale stricte de la sexualit\u00e9 et d\u00e9fendent une attitude conservatrice vis-\u00e0-vis de la sexualit\u00e9 et des droits \u00e0 la reproduction. Cette attitude peut influencer notre vision de la sexualit\u00e9 de diff\u00e9rentes mani\u00e8res : Stigmatisation de l&#8217;avortement Les opposants \u00e0 l&#8217;avortement &hellip; <a href=\"https:\/\/manther.de\/fr\/2023\/05\/koerperbild-und-konservative-rechte\/\" class=\"more-link\">Continuer la lecture de <span class=\"screen-reader-text\">Image du corps et droite conservatrice<\/span>  <span class=\"meta-nav\">&rarr;<\/span><\/a><\/p>\n","protected":false},"author":1,"featured_media":3005,"comment_status":"open","ping_status":"open","sticky":false,"template":"","format":"standard","meta":{"_FSMCFIC_featured_image_caption":"\u00a9 <a href=\"https:\/\/pixabay.com\/de\/users\/stocksnap-894430\/?utm_source=link-attribution&amp;utm_medium=referral&amp;utm_campaign=image&amp;utm_content=2590551\" target=_blank\">StockSnap<\/a> \/ <a href=\"https:\/\/pixabay.com\/de\/\/?utm_source=link-attribution&amp;utm_medium=referral&amp;utm_campaign=image&amp;utm_content=2590551\">Pixabay<\/a>","_FSMCFIC_featured_image_nocaption":"","_FSMCFIC_featured_image_hide":"","footnotes":""},"categories":[10],"tags":[],"class_list":["post-3004","post","type-post","status-publish","format-standard","has-post-thumbnail","hentry","category-koerper"],"translation":{"provider":"WPGlobus","version":"3.0.2","language":"fr","enabled_languages":["de","en","fr"],"languages":{"de":{"title":true,"content":true,"excerpt":false},"en":{"title":true,"content":true,"excerpt":false},"fr":{"title":true,"content":true,"excerpt":false}}},"yoast_head":"<!-- This site is optimized with the Yoast SEO Premium plugin v27.4 (Yoast SEO v27.5) - https:\/\/yoast.com\/product\/yoast-seo-premium-wordpress\/ -->\n<title>Image du corps et droite conservatrice - manther<\/title>\n<meta name=\"robots\" content=\"index, follow, max-snippet:-1, max-image-preview:large, max-video-preview:-1\" \/>\n<link rel=\"canonical\" href=\"https:\/\/manther.de\/2023\/05\/koerperbild-und-konservative-rechte\/\" \/>\n<meta property=\"og:locale\" content=\"fr_FR\" \/>\n<meta property=\"og:type\" content=\"article\" \/>\n<meta property=\"og:title\" content=\"Image du corps et droite conservatrice - manther\" \/>\n<meta property=\"og:url\" content=\"https:\/\/manther.de\/2023\/05\/koerperbild-und-konservative-rechte\/\" \/>\n<meta property=\"og:site_name\" content=\"manther\" \/>\n<meta property=\"article:publisher\" content=\"https:\/\/www.facebook.com\/mantherhh\/\" \/>\n<meta property=\"article:published_time\" content=\"2023-05-18T08:00:00+00:00\" \/>\n<meta property=\"og:image\" content=\"https:\/\/manther.de\/wp-content\/uploads\/2023\/05\/worship.jpg\" \/>\n\t<meta property=\"og:image:width\" content=\"672\" \/>\n\t<meta property=\"og:image:height\" content=\"372\" \/>\n\t<meta property=\"og:image:type\" content=\"image\/jpeg\" \/>\n<meta name=\"author\" content=\"Ennka\" \/>\n<meta name=\"twitter:card\" content=\"summary_large_image\" \/>\n<meta name=\"twitter:site\" content=\"@Sandra_Manther\" \/>\n<meta name=\"twitter:label1\" content=\"\u00c9crit par\" \/>\n\t<meta name=\"twitter:data1\" content=\"Ennka\" \/>\n\t<meta name=\"twitter:label2\" content=\"Dur\u00e9e de lecture estim\u00e9e\" \/>\n\t<meta name=\"twitter:data2\" content=\"3 minutes\" \/>\n<script type=\"application\/ld+json\" class=\"yoast-schema-graph\">{\"@context\":\"https:\\\/\\\/schema.org\",\"@graph\":[{\"@type\":\"Article\",\"@id\":\"https:\\\/\\\/manther.de\\\/2023\\\/05\\\/koerperbild-und-konservative-rechte\\\/#article\",\"isPartOf\":{\"@id\":\"https:\\\/\\\/manther.de\\\/2023\\\/05\\\/koerperbild-und-konservative-rechte\\\/\"},\"author\":{\"name\":\"Ennka\",\"@id\":\"https:\\\/\\\/manther.de\\\/#\\\/schema\\\/person\\\/f1e1c8775b15c7ee7a684f857868d1f1\"},\"headline\":\"Image du corps et droite conservatrice\",\"datePublished\":\"2023-05-18T08:00:00+00:00\",\"mainEntityOfPage\":{\"@id\":\"https:\\\/\\\/manther.de\\\/2023\\\/05\\\/koerperbild-und-konservative-rechte\\\/\"},\"wordCount\":1288,\"commentCount\":0,\"publisher\":{\"@id\":\"https:\\\/\\\/manther.de\\\/#\\\/schema\\\/person\\\/5d0a51ad8607f193a3e54080c7286894\"},\"image\":{\"@id\":\"https:\\\/\\\/manther.de\\\/2023\\\/05\\\/koerperbild-und-konservative-rechte\\\/#primaryimage\"},\"thumbnailUrl\":\"https:\\\/\\\/manther.de\\\/wp-content\\\/uploads\\\/2023\\\/05\\\/worship.jpg\",\"articleSection\":[\"Le corps\"],\"inLanguage\":\"fr-FR\",\"potentialAction\":[{\"@type\":\"CommentAction\",\"name\":\"Comment\",\"target\":[\"https:\\\/\\\/manther.de\\\/2023\\\/05\\\/koerperbild-und-konservative-rechte\\\/#respond\"]}]},{\"@type\":\"WebPage\",\"@id\":\"https:\\\/\\\/manther.de\\\/2023\\\/05\\\/koerperbild-und-konservative-rechte\\\/\",\"url\":\"https:\\\/\\\/manther.de\\\/2023\\\/05\\\/koerperbild-und-konservative-rechte\\\/\",\"name\":\"Image du corps et droite conservatrice - manther\",\"isPartOf\":{\"@id\":\"https:\\\/\\\/manther.de\\\/#website\"},\"primaryImageOfPage\":{\"@id\":\"https:\\\/\\\/manther.de\\\/2023\\\/05\\\/koerperbild-und-konservative-rechte\\\/#primaryimage\"},\"image\":{\"@id\":\"https:\\\/\\\/manther.de\\\/2023\\\/05\\\/koerperbild-und-konservative-rechte\\\/#primaryimage\"},\"thumbnailUrl\":\"https:\\\/\\\/manther.de\\\/wp-content\\\/uploads\\\/2023\\\/05\\\/worship.jpg\",\"datePublished\":\"2023-05-18T08:00:00+00:00\",\"breadcrumb\":{\"@id\":\"https:\\\/\\\/manther.de\\\/2023\\\/05\\\/koerperbild-und-konservative-rechte\\\/#breadcrumb\"},\"inLanguage\":\"fr-FR\",\"potentialAction\":[{\"@type\":\"ReadAction\",\"target\":[\"https:\\\/\\\/manther.de\\\/2023\\\/05\\\/koerperbild-und-konservative-rechte\\\/\"]}]},{\"@type\":\"ImageObject\",\"inLanguage\":\"fr-FR\",\"@id\":\"https:\\\/\\\/manther.de\\\/2023\\\/05\\\/koerperbild-und-konservative-rechte\\\/#primaryimage\",\"url\":\"https:\\\/\\\/manther.de\\\/wp-content\\\/uploads\\\/2023\\\/05\\\/worship.jpg\",\"contentUrl\":\"https:\\\/\\\/manther.de\\\/wp-content\\\/uploads\\\/2023\\\/05\\\/worship.jpg\",\"width\":672,\"height\":372,\"caption\":\"junge Frau bei einem Worship-Gottesdienst\"},{\"@type\":\"BreadcrumbList\",\"@id\":\"https:\\\/\\\/manther.de\\\/2023\\\/05\\\/koerperbild-und-konservative-rechte\\\/#breadcrumb\",\"itemListElement\":[{\"@type\":\"ListItem\",\"position\":1,\"name\":\"Home\",\"item\":\"https:\\\/\\\/manther.de\\\/\"},{\"@type\":\"ListItem\",\"position\":2,\"name\":\"K\u00f6rperbild und konservative Rechte\"}]},{\"@type\":\"WebSite\",\"@id\":\"https:\\\/\\\/manther.de\\\/#website\",\"url\":\"https:\\\/\\\/manther.de\\\/\",\"name\":\"manther\",\"description\":\"le magazine de Creative Writing pour la litt\u00e9rature \u00e9rotique\",\"publisher\":{\"@id\":\"https:\\\/\\\/manther.de\\\/#\\\/schema\\\/person\\\/5d0a51ad8607f193a3e54080c7286894\"},\"potentialAction\":[{\"@type\":\"SearchAction\",\"target\":{\"@type\":\"EntryPoint\",\"urlTemplate\":\"https:\\\/\\\/manther.de\\\/?s={search_term_string}\"},\"query-input\":{\"@type\":\"PropertyValueSpecification\",\"valueRequired\":true,\"valueName\":\"search_term_string\"}}],\"inLanguage\":\"fr-FR\"},{\"@type\":[\"Person\",\"Organization\"],\"@id\":\"https:\\\/\\\/manther.de\\\/#\\\/schema\\\/person\\\/5d0a51ad8607f193a3e54080c7286894\",\"name\":\"Sandra Manther\",\"logo\":{\"@id\":\"https:\\\/\\\/manther.de\\\/#\\\/schema\\\/person\\\/image\\\/\"},\"description\":\"Geboren 1981 in Krefeld. Studierte Mediendesign an der hdpk Berlin. Der Liebe wegen ging sie nach Hamburg, wo sie heute als Webdesgnerin in einer bekannten Werbeagentur arbeitet. Sie lebt mit ihrem Mann Marc und den Katzen Mandu und Tharsis in einem Haus im Westen der Stadt.\",\"sameAs\":[\"https:\\\/\\\/www.facebook.com\\\/mantherhh\\\/\",\"https:\\\/\\\/www.pinterest.de\\\/sandramanther\\\/\",\"https:\\\/\\\/x.com\\\/Sandra_Manther\",\"https:\\\/\\\/www.tumblr.com\\\/gamma-xi-delta\"]},{\"@type\":\"Person\",\"@id\":\"https:\\\/\\\/manther.de\\\/#\\\/schema\\\/person\\\/f1e1c8775b15c7ee7a684f857868d1f1\",\"name\":\"Ennka\",\"sameAs\":[\"http:\\\/\\\/www.norbert-krueger.com\"],\"url\":\"https:\\\/\\\/manther.de\\\/fr\\\/author\\\/ennka\\\/\"}]}<\/script>\n<!-- \/ Yoast SEO Premium plugin. -->","yoast_head_json":{"title":"Image du corps et droite conservatrice - manther","robots":{"index":"index","follow":"follow","max-snippet":"max-snippet:-1","max-image-preview":"max-image-preview:large","max-video-preview":"max-video-preview:-1"},"canonical":"https:\/\/manther.de\/2023\/05\/koerperbild-und-konservative-rechte\/","og_locale":"fr_FR","og_type":"article","og_title":"Image du corps et droite conservatrice - manther","og_url":"https:\/\/manther.de\/2023\/05\/koerperbild-und-konservative-rechte\/","og_site_name":"manther","article_publisher":"https:\/\/www.facebook.com\/mantherhh\/","article_published_time":"2023-05-18T08:00:00+00:00","og_image":[{"width":672,"height":372,"url":"https:\/\/manther.de\/wp-content\/uploads\/2023\/05\/worship.jpg","type":"image\/jpeg"}],"author":"Ennka","twitter_card":"summary_large_image","twitter_site":"@Sandra_Manther","twitter_misc":{"\u00c9crit par":"Ennka","Dur\u00e9e de lecture estim\u00e9e":"3 minutes"},"schema":{"@context":"https:\/\/schema.org","@graph":[{"@type":"Article","@id":"https:\/\/manther.de\/2023\/05\/koerperbild-und-konservative-rechte\/#article","isPartOf":{"@id":"https:\/\/manther.de\/2023\/05\/koerperbild-und-konservative-rechte\/"},"author":{"name":"Ennka","@id":"https:\/\/manther.de\/#\/schema\/person\/f1e1c8775b15c7ee7a684f857868d1f1"},"headline":"Image du corps et droite conservatrice","datePublished":"2023-05-18T08:00:00+00:00","mainEntityOfPage":{"@id":"https:\/\/manther.de\/2023\/05\/koerperbild-und-konservative-rechte\/"},"wordCount":1288,"commentCount":0,"publisher":{"@id":"https:\/\/manther.de\/#\/schema\/person\/5d0a51ad8607f193a3e54080c7286894"},"image":{"@id":"https:\/\/manther.de\/2023\/05\/koerperbild-und-konservative-rechte\/#primaryimage"},"thumbnailUrl":"https:\/\/manther.de\/wp-content\/uploads\/2023\/05\/worship.jpg","articleSection":["Le corps"],"inLanguage":"fr-FR","potentialAction":[{"@type":"CommentAction","name":"Comment","target":["https:\/\/manther.de\/2023\/05\/koerperbild-und-konservative-rechte\/#respond"]}]},{"@type":"WebPage","@id":"https:\/\/manther.de\/2023\/05\/koerperbild-und-konservative-rechte\/","url":"https:\/\/manther.de\/2023\/05\/koerperbild-und-konservative-rechte\/","name":"Image du corps et droite conservatrice - manther","isPartOf":{"@id":"https:\/\/manther.de\/#website"},"primaryImageOfPage":{"@id":"https:\/\/manther.de\/2023\/05\/koerperbild-und-konservative-rechte\/#primaryimage"},"image":{"@id":"https:\/\/manther.de\/2023\/05\/koerperbild-und-konservative-rechte\/#primaryimage"},"thumbnailUrl":"https:\/\/manther.de\/wp-content\/uploads\/2023\/05\/worship.jpg","datePublished":"2023-05-18T08:00:00+00:00","breadcrumb":{"@id":"https:\/\/manther.de\/2023\/05\/koerperbild-und-konservative-rechte\/#breadcrumb"},"inLanguage":"fr-FR","potentialAction":[{"@type":"ReadAction","target":["https:\/\/manther.de\/2023\/05\/koerperbild-und-konservative-rechte\/"]}]},{"@type":"ImageObject","inLanguage":"fr-FR","@id":"https:\/\/manther.de\/2023\/05\/koerperbild-und-konservative-rechte\/#primaryimage","url":"https:\/\/manther.de\/wp-content\/uploads\/2023\/05\/worship.jpg","contentUrl":"https:\/\/manther.de\/wp-content\/uploads\/2023\/05\/worship.jpg","width":672,"height":372,"caption":"junge Frau bei einem Worship-Gottesdienst"},{"@type":"BreadcrumbList","@id":"https:\/\/manther.de\/2023\/05\/koerperbild-und-konservative-rechte\/#breadcrumb","itemListElement":[{"@type":"ListItem","position":1,"name":"Home","item":"https:\/\/manther.de\/"},{"@type":"ListItem","position":2,"name":"K\u00f6rperbild und konservative Rechte"}]},{"@type":"WebSite","@id":"https:\/\/manther.de\/#website","url":"https:\/\/manther.de\/","name":"manther","description":"le magazine de Creative Writing pour la litt\u00e9rature \u00e9rotique","publisher":{"@id":"https:\/\/manther.de\/#\/schema\/person\/5d0a51ad8607f193a3e54080c7286894"},"potentialAction":[{"@type":"SearchAction","target":{"@type":"EntryPoint","urlTemplate":"https:\/\/manther.de\/?s={search_term_string}"},"query-input":{"@type":"PropertyValueSpecification","valueRequired":true,"valueName":"search_term_string"}}],"inLanguage":"fr-FR"},{"@type":["Person","Organization"],"@id":"https:\/\/manther.de\/#\/schema\/person\/5d0a51ad8607f193a3e54080c7286894","name":"Sandra Manther","logo":{"@id":"https:\/\/manther.de\/#\/schema\/person\/image\/"},"description":"Geboren 1981 in Krefeld. Studierte Mediendesign an der hdpk Berlin. Der Liebe wegen ging sie nach Hamburg, wo sie heute als Webdesgnerin in einer bekannten Werbeagentur arbeitet. Sie lebt mit ihrem Mann Marc und den Katzen Mandu und Tharsis in einem Haus im Westen der Stadt.","sameAs":["https:\/\/www.facebook.com\/mantherhh\/","https:\/\/www.pinterest.de\/sandramanther\/","https:\/\/x.com\/Sandra_Manther","https:\/\/www.tumblr.com\/gamma-xi-delta"]},{"@type":"Person","@id":"https:\/\/manther.de\/#\/schema\/person\/f1e1c8775b15c7ee7a684f857868d1f1","name":"Ennka","sameAs":["http:\/\/www.norbert-krueger.com"],"url":"https:\/\/manther.de\/fr\/author\/ennka\/"}]}},"_links":{"self":[{"href":"https:\/\/manther.de\/fr\/wp-json\/wp\/v2\/posts\/3004","targetHints":{"allow":["GET"]}}],"collection":[{"href":"https:\/\/manther.de\/fr\/wp-json\/wp\/v2\/posts"}],"about":[{"href":"https:\/\/manther.de\/fr\/wp-json\/wp\/v2\/types\/post"}],"author":[{"embeddable":true,"href":"https:\/\/manther.de\/fr\/wp-json\/wp\/v2\/users\/1"}],"replies":[{"embeddable":true,"href":"https:\/\/manther.de\/fr\/wp-json\/wp\/v2\/comments?post=3004"}],"version-history":[{"count":3,"href":"https:\/\/manther.de\/fr\/wp-json\/wp\/v2\/posts\/3004\/revisions"}],"predecessor-version":[{"id":3010,"href":"https:\/\/manther.de\/fr\/wp-json\/wp\/v2\/posts\/3004\/revisions\/3010"}],"wp:featuredmedia":[{"embeddable":true,"href":"https:\/\/manther.de\/fr\/wp-json\/wp\/v2\/media\/3005"}],"wp:attachment":[{"href":"https:\/\/manther.de\/fr\/wp-json\/wp\/v2\/media?parent=3004"}],"wp:term":[{"taxonomy":"category","embeddable":true,"href":"https:\/\/manther.de\/fr\/wp-json\/wp\/v2\/categories?post=3004"},{"taxonomy":"post_tag","embeddable":true,"href":"https:\/\/manther.de\/fr\/wp-json\/wp\/v2\/tags?post=3004"}],"curies":[{"name":"wp","href":"https:\/\/api.w.org\/{rel}","templated":true}]}}