{"id":1993,"date":"2022-05-12T19:31:11","date_gmt":"2022-05-12T17:31:11","guid":{"rendered":"https:\/\/manther.de\/?p=1993"},"modified":"2023-04-10T12:37:11","modified_gmt":"2023-04-10T10:37:11","slug":"nackt-in-der-oeffentlichkeit","status":"publish","type":"post","link":"https:\/\/manther.de\/fr\/2022\/05\/nackt-in-der-oeffentlichkeit\/","title":{"rendered":"Nackt in der \u00d6ffentlichkeit 1: Freik\u00f6rperkultur"},"content":{"rendered":"\n<h2 class=\"wp-block-heading\"><\/h2>\n\n\n\n<p>Sich in der \u00d6ffentlichkeit nackt zu zeigen, klingt wilder, als es in Wirklichkeit ist. In Deutschland liegen die Anf\u00e4nge der sogenannten Freik\u00f6rperkultur bereits am Ende des 19. Jahrhunderts. Schon damals haftete der Nacktheit <strong>ein Hauch von Rebellion<\/strong> an. Das Kaiserreich war eine \u00e4u\u00dferst pr\u00fcde, reaktion\u00e4re Zeit, in der der K\u00f6rper tugendsam gesch\u00fctzt zu sein hatte. Die Kleider waren hochgeschlossen und kn\u00f6chellang. Es war die Zeit der Korsetts, in denen die Frauen auf ein Idealma\u00df zurecht geschn\u00fcrt wurden.<\/p>\n\n\n\n<p>Dass dies nicht gesund sein konnte, begriff zuerst der Schweizer Naturheiler Arnold Rikli. Er gr\u00fcndete 1854 eine Sonnenheilanstalt, in der seine Patienten nackt sonnenbaden konnten. Den <strong>gesundheitsf\u00f6rdernden Aspekt<\/strong> w\u00fcrden wir heute wahrscheinlich &#8211; neben der frischen Luft &#8211; vor allem dem Aufbau von Vitamin D zuschreiben. Denn dieses Vitamin D wird unter dem Einfluss von UV B-Sonnenstrahlen \u00fcber die Haut gebildet. Und ein Mangel an Vitamin D f\u00fchrt zu diversen Krankheiten \u2013 von Haarausfall bis Depression. Damals jedoch war all dies noch nicht erforscht und Rikli sprach eher empirisch von der \u201ereinigende Wirkung des Lichtluftbades\u201c.<\/p>\n\n\n\n<p>Fakt ist, dass bis 1912 380 dieser \u201eLicht- und Luftb\u00e4der\u201c aus dem Boden schossen, oft an Badeseen oder in abgelegenen G\u00e4rten. Von da aus eroberte die Nacktkultur das offene Land. Es war eine \u201e<strong>Propaganda der Tat<\/strong>\u201c, wie der M\u00fcnchner Theologe Franz Walter 1910 bereits misliebig beschrieb: \u201eEine Bewegung geht durch die modernen Gro\u00dfst\u00e4dte, welche offen eine Propaganda gro\u00dfen Stils f\u00fcr die Einf\u00fchrung der unverh\u00fcllten Nacktheit in das gesellige Leben betreibt mit Hilfe einer Agitation, einer Literatur und Presse, welche in Wort und Bild die Nacktheit verherrlicht.\u201c<\/p>\n\n\n\n<p>Interessant ist die Begr\u00fcndung, die neben den gesundheitlichen Aspekten immer mehr in den Vordergrund r\u00fcckte: \u201eWir wollen es nicht leugnen: Ein nackender Mensch ist f\u00fcr die Menschen unserer Zeit eine Geschmacklosigkeit und wirkt wie ein Schlag ins Gesicht \u2013 so unnat\u00fcrlich sind wir geworden\u201c, schrieb bereits 1893 der Publizist Heinrich Pudor. Und \u00fcber den <strong>Begriff der Nat\u00fcrlichkeit<\/strong> fand die \u00f6ffentliche Nacktheit eines ihrer st\u00e4rksten Argumente.<\/p>\n\n\n\n<p>Nat\u00fcrlich war dies nicht zuletzt eine Moraldebatte. Und w\u00e4hrend die katholischen Sittlichkeitsvereine einen Prozess nach dem anderen anstrengten, um gegen die \u00f6ffentliche Nacktheit vorzugehen, argumentierten die Bef\u00fcrworter: \u201eDass man sich einen nackten K\u00f6rper ohne ausgesprochenen erotischen Zweck nicht vorstellen kann, ist der notwendige Ausdruck seiner eigenen moralischen Minderwertigkeit.\u201c Mit anderen Worten: Letztlich sind es Kirche und konservative Medien, die <strong>einen <\/strong>an sich <strong>nat\u00fcrlichen Zustand sexualisieren<\/strong>, indem sie Nacktheit als unmoralisch brandmarken.<\/p>\n\n\n\n<p>Die Freik\u00f6rperkultur zeigt, dass es auch anders geht. Die FKK-Str\u00e4nde, die es immer noch an vielen Stellen gibt, sind ein Beleg daf\u00fcr. Zumal <strong>an vielen Str\u00e4nden mittlerweile Nackte selbstverst\u00e4ndlich<\/strong> neben Strandbesuchern mit Badekleidung liegen, ohne dass sich jemand daran st\u00f6ren w\u00fcrde \u2013 auch jenseits der eigens daf\u00fcr ausgewiesenen Zonen.<\/p>\n","protected":false},"excerpt":{"rendered":"<p>Sich in der \u00d6ffentlichkeit nackt zu zeigen, klingt wilder, als es in Wirklichkeit ist. In Deutschland liegen die Anf\u00e4nge der sogenannten Freik\u00f6rperkultur bereits am Ende des 19. Jahrhunderts. Schon damals haftete der Nacktheit ein Hauch von Rebellion an. Das Kaiserreich war eine \u00e4u\u00dferst pr\u00fcde, reaktion\u00e4re Zeit, in der der K\u00f6rper tugendsam gesch\u00fctzt zu sein hatte. &hellip; <a href=\"https:\/\/manther.de\/fr\/2022\/05\/nackt-in-der-oeffentlichkeit\/\" class=\"more-link\">Continuer la lecture de <span class=\"screen-reader-text\">Nackt in der \u00d6ffentlichkeit 1: Freik\u00f6rperkultur<\/span>  <span class=\"meta-nav\">&rarr;<\/span><\/a><\/p>\n","protected":false},"author":2,"featured_media":1992,"comment_status":"open","ping_status":"open","sticky":false,"template":"","format":"standard","meta":{"_FSMCFIC_featured_image_caption":"&copy; Dmytro Buianskyi \/ Shutterstock.com","_FSMCFIC_featured_image_nocaption":"","_FSMCFIC_featured_image_hide":"","footnotes":""},"categories":[10],"tags":[60,59],"class_list":["post-1993","post","type-post","status-publish","format-standard","has-post-thumbnail","hentry","category-koerper","tag-naked-in-public","tag-nip"],"translation":{"provider":"WPGlobus","version":"3.0.2","language":"fr","enabled_languages":["de","en","fr"],"languages":{"de":{"title":true,"content":true,"excerpt":false},"en":{"title":true,"content":true,"excerpt":false},"fr":{"title":false,"content":false,"excerpt":false}}},"yoast_head":"<!-- This site is optimized with the Yoast SEO Premium plugin v27.4 (Yoast SEO v27.4) - https:\/\/yoast.com\/product\/yoast-seo-premium-wordpress\/ -->\n<title>- manther<\/title>\n<meta name=\"robots\" content=\"index, follow, max-snippet:-1, max-image-preview:large, max-video-preview:-1\" \/>\n<link rel=\"canonical\" href=\"https:\/\/manther.de\/2022\/05\/nackt-in-der-oeffentlichkeit\/\" \/>\n<meta property=\"og:locale\" content=\"fr_FR\" \/>\n<meta property=\"og:type\" content=\"article\" \/>\n<meta property=\"og:url\" content=\"https:\/\/manther.de\/2022\/05\/nackt-in-der-oeffentlichkeit\/\" \/>\n<meta property=\"og:site_name\" content=\"manther\" \/>\n<meta property=\"article:publisher\" content=\"https:\/\/www.facebook.com\/mantherhh\/\" \/>\n<meta property=\"article:published_time\" content=\"2022-05-12T17:31:11+00:00\" \/>\n<meta property=\"article:modified_time\" content=\"2023-04-10T10:37:11+00:00\" \/>\n<meta property=\"og:image\" content=\"https:\/\/manther.de\/wp-content\/uploads\/2022\/05\/nip.png\" \/>\n\t<meta property=\"og:image:width\" content=\"672\" \/>\n\t<meta property=\"og:image:height\" content=\"385\" \/>\n\t<meta property=\"og:image:type\" content=\"image\/png\" \/>\n<meta name=\"author\" content=\"Marc Manther\" \/>\n<meta name=\"twitter:card\" content=\"summary_large_image\" \/>\n<meta name=\"twitter:site\" content=\"@Sandra_Manther\" \/>\n<meta name=\"twitter:label1\" content=\"\u00c9crit par\" \/>\n\t<meta name=\"twitter:data1\" content=\"Marc Manther\" \/>\n\t<meta name=\"twitter:label2\" content=\"Dur\u00e9e de lecture estim\u00e9e\" \/>\n\t<meta name=\"twitter:data2\" content=\"3 minutes\" \/>\n<script type=\"application\/ld+json\" class=\"yoast-schema-graph\">{\"@context\":\"https:\\\/\\\/schema.org\",\"@graph\":[{\"@type\":\"Article\",\"@id\":\"https:\\\/\\\/manther.de\\\/2022\\\/05\\\/nackt-in-der-oeffentlichkeit\\\/#article\",\"isPartOf\":{\"@id\":\"https:\\\/\\\/manther.de\\\/2022\\\/05\\\/nackt-in-der-oeffentlichkeit\\\/\"},\"author\":{\"name\":\"Marc Manther\",\"@id\":\"https:\\\/\\\/manther.de\\\/#\\\/schema\\\/person\\\/1dde90d0b1bd600a76d2e19f5305aa2e\"},\"headline\":\"Nackt in der \u00d6ffentlichkeit 1: Freik\u00f6rperkultur\",\"datePublished\":\"2022-05-12T17:31:11+00:00\",\"dateModified\":\"2023-04-10T10:37:11+00:00\",\"mainEntityOfPage\":{\"@id\":\"https:\\\/\\\/manther.de\\\/2022\\\/05\\\/nackt-in-der-oeffentlichkeit\\\/\"},\"wordCount\":972,\"commentCount\":0,\"publisher\":{\"@id\":\"https:\\\/\\\/manther.de\\\/#\\\/schema\\\/person\\\/5d0a51ad8607f193a3e54080c7286894\"},\"image\":{\"@id\":\"https:\\\/\\\/manther.de\\\/2022\\\/05\\\/nackt-in-der-oeffentlichkeit\\\/#primaryimage\"},\"thumbnailUrl\":\"https:\\\/\\\/manther.de\\\/wp-content\\\/uploads\\\/2022\\\/05\\\/nip.png\",\"keywords\":[\"naked in public\",\"NIP\"],\"articleSection\":[\"Le corps\"],\"inLanguage\":\"fr-FR\",\"potentialAction\":[{\"@type\":\"CommentAction\",\"name\":\"Comment\",\"target\":[\"https:\\\/\\\/manther.de\\\/2022\\\/05\\\/nackt-in-der-oeffentlichkeit\\\/#respond\"]}]},{\"@type\":\"WebPage\",\"@id\":\"https:\\\/\\\/manther.de\\\/2022\\\/05\\\/nackt-in-der-oeffentlichkeit\\\/\",\"url\":\"https:\\\/\\\/manther.de\\\/2022\\\/05\\\/nackt-in-der-oeffentlichkeit\\\/\",\"name\":\"- manther\",\"isPartOf\":{\"@id\":\"https:\\\/\\\/manther.de\\\/#website\"},\"primaryImageOfPage\":{\"@id\":\"https:\\\/\\\/manther.de\\\/2022\\\/05\\\/nackt-in-der-oeffentlichkeit\\\/#primaryimage\"},\"image\":{\"@id\":\"https:\\\/\\\/manther.de\\\/2022\\\/05\\\/nackt-in-der-oeffentlichkeit\\\/#primaryimage\"},\"thumbnailUrl\":\"https:\\\/\\\/manther.de\\\/wp-content\\\/uploads\\\/2022\\\/05\\\/nip.png\",\"datePublished\":\"2022-05-12T17:31:11+00:00\",\"dateModified\":\"2023-04-10T10:37:11+00:00\",\"breadcrumb\":{\"@id\":\"https:\\\/\\\/manther.de\\\/2022\\\/05\\\/nackt-in-der-oeffentlichkeit\\\/#breadcrumb\"},\"inLanguage\":\"fr-FR\",\"potentialAction\":[{\"@type\":\"ReadAction\",\"target\":[\"https:\\\/\\\/manther.de\\\/2022\\\/05\\\/nackt-in-der-oeffentlichkeit\\\/\"]}]},{\"@type\":\"ImageObject\",\"inLanguage\":\"fr-FR\",\"@id\":\"https:\\\/\\\/manther.de\\\/2022\\\/05\\\/nackt-in-der-oeffentlichkeit\\\/#primaryimage\",\"url\":\"https:\\\/\\\/manther.de\\\/wp-content\\\/uploads\\\/2022\\\/05\\\/nip.png\",\"contentUrl\":\"https:\\\/\\\/manther.de\\\/wp-content\\\/uploads\\\/2022\\\/05\\\/nip.png\",\"width\":672,\"height\":385,\"caption\":\"Nude beautiful woman on the nudist beach. Lady with nude perfect body laying on sand. Gorgeous mixed race Caucasian Asian girl posing on travel vacation holidays naked outdoors. Close-up portrait\"},{\"@type\":\"BreadcrumbList\",\"@id\":\"https:\\\/\\\/manther.de\\\/2022\\\/05\\\/nackt-in-der-oeffentlichkeit\\\/#breadcrumb\",\"itemListElement\":[{\"@type\":\"ListItem\",\"position\":1,\"name\":\"Home\",\"item\":\"https:\\\/\\\/manther.de\\\/\"},{\"@type\":\"ListItem\",\"position\":2,\"name\":\"Nackt in der \u00d6ffentlichkeit 1: Freik\u00f6rperkultur\"}]},{\"@type\":\"WebSite\",\"@id\":\"https:\\\/\\\/manther.de\\\/#website\",\"url\":\"https:\\\/\\\/manther.de\\\/\",\"name\":\"manther\",\"description\":\"le magazine de Creative Writing pour la litt\u00e9rature \u00e9rotique\",\"publisher\":{\"@id\":\"https:\\\/\\\/manther.de\\\/#\\\/schema\\\/person\\\/5d0a51ad8607f193a3e54080c7286894\"},\"potentialAction\":[{\"@type\":\"SearchAction\",\"target\":{\"@type\":\"EntryPoint\",\"urlTemplate\":\"https:\\\/\\\/manther.de\\\/?s={search_term_string}\"},\"query-input\":{\"@type\":\"PropertyValueSpecification\",\"valueRequired\":true,\"valueName\":\"search_term_string\"}}],\"inLanguage\":\"fr-FR\"},{\"@type\":[\"Person\",\"Organization\"],\"@id\":\"https:\\\/\\\/manther.de\\\/#\\\/schema\\\/person\\\/5d0a51ad8607f193a3e54080c7286894\",\"name\":\"Sandra Manther\",\"logo\":{\"@id\":\"https:\\\/\\\/manther.de\\\/#\\\/schema\\\/person\\\/image\\\/\"},\"description\":\"Geboren 1981 in Krefeld. Studierte Mediendesign an der hdpk Berlin. Der Liebe wegen ging sie nach Hamburg, wo sie heute als Webdesgnerin in einer bekannten Werbeagentur arbeitet. Sie lebt mit ihrem Mann Marc und den Katzen Mandu und Tharsis in einem Haus im Westen der Stadt.\",\"sameAs\":[\"https:\\\/\\\/www.facebook.com\\\/mantherhh\\\/\",\"https:\\\/\\\/www.pinterest.de\\\/sandramanther\\\/\",\"https:\\\/\\\/x.com\\\/Sandra_Manther\",\"https:\\\/\\\/www.tumblr.com\\\/gamma-xi-delta\"]},{\"@type\":\"Person\",\"@id\":\"https:\\\/\\\/manther.de\\\/#\\\/schema\\\/person\\\/1dde90d0b1bd600a76d2e19f5305aa2e\",\"name\":\"Marc Manther\",\"description\":\"Geboren 1976 in Bredstedt, Nordfriesland. Studium der Informatik an der CAU in Kiel. Arbeitet heute in der Softwareentwicklung. Lebt mit seiner Frau Sandra und den Katzen Mandu und Tharsis in einem Haus im Westen der Stadt.\",\"url\":\"https:\\\/\\\/manther.de\\\/fr\\\/author\\\/marc\\\/\"}]}<\/script>\n<!-- \/ Yoast SEO Premium plugin. -->","yoast_head_json":{"title":"- manther","robots":{"index":"index","follow":"follow","max-snippet":"max-snippet:-1","max-image-preview":"max-image-preview:large","max-video-preview":"max-video-preview:-1"},"canonical":"https:\/\/manther.de\/2022\/05\/nackt-in-der-oeffentlichkeit\/","og_locale":"fr_FR","og_type":"article","og_url":"https:\/\/manther.de\/2022\/05\/nackt-in-der-oeffentlichkeit\/","og_site_name":"manther","article_publisher":"https:\/\/www.facebook.com\/mantherhh\/","article_published_time":"2022-05-12T17:31:11+00:00","article_modified_time":"2023-04-10T10:37:11+00:00","og_image":[{"width":672,"height":385,"url":"https:\/\/manther.de\/wp-content\/uploads\/2022\/05\/nip.png","type":"image\/png"}],"author":"Marc Manther","twitter_card":"summary_large_image","twitter_site":"@Sandra_Manther","twitter_misc":{"\u00c9crit par":"Marc Manther","Dur\u00e9e de lecture estim\u00e9e":"3 minutes"},"schema":{"@context":"https:\/\/schema.org","@graph":[{"@type":"Article","@id":"https:\/\/manther.de\/2022\/05\/nackt-in-der-oeffentlichkeit\/#article","isPartOf":{"@id":"https:\/\/manther.de\/2022\/05\/nackt-in-der-oeffentlichkeit\/"},"author":{"name":"Marc Manther","@id":"https:\/\/manther.de\/#\/schema\/person\/1dde90d0b1bd600a76d2e19f5305aa2e"},"headline":"Nackt in der \u00d6ffentlichkeit 1: Freik\u00f6rperkultur","datePublished":"2022-05-12T17:31:11+00:00","dateModified":"2023-04-10T10:37:11+00:00","mainEntityOfPage":{"@id":"https:\/\/manther.de\/2022\/05\/nackt-in-der-oeffentlichkeit\/"},"wordCount":972,"commentCount":0,"publisher":{"@id":"https:\/\/manther.de\/#\/schema\/person\/5d0a51ad8607f193a3e54080c7286894"},"image":{"@id":"https:\/\/manther.de\/2022\/05\/nackt-in-der-oeffentlichkeit\/#primaryimage"},"thumbnailUrl":"https:\/\/manther.de\/wp-content\/uploads\/2022\/05\/nip.png","keywords":["naked in public","NIP"],"articleSection":["Le corps"],"inLanguage":"fr-FR","potentialAction":[{"@type":"CommentAction","name":"Comment","target":["https:\/\/manther.de\/2022\/05\/nackt-in-der-oeffentlichkeit\/#respond"]}]},{"@type":"WebPage","@id":"https:\/\/manther.de\/2022\/05\/nackt-in-der-oeffentlichkeit\/","url":"https:\/\/manther.de\/2022\/05\/nackt-in-der-oeffentlichkeit\/","name":"- manther","isPartOf":{"@id":"https:\/\/manther.de\/#website"},"primaryImageOfPage":{"@id":"https:\/\/manther.de\/2022\/05\/nackt-in-der-oeffentlichkeit\/#primaryimage"},"image":{"@id":"https:\/\/manther.de\/2022\/05\/nackt-in-der-oeffentlichkeit\/#primaryimage"},"thumbnailUrl":"https:\/\/manther.de\/wp-content\/uploads\/2022\/05\/nip.png","datePublished":"2022-05-12T17:31:11+00:00","dateModified":"2023-04-10T10:37:11+00:00","breadcrumb":{"@id":"https:\/\/manther.de\/2022\/05\/nackt-in-der-oeffentlichkeit\/#breadcrumb"},"inLanguage":"fr-FR","potentialAction":[{"@type":"ReadAction","target":["https:\/\/manther.de\/2022\/05\/nackt-in-der-oeffentlichkeit\/"]}]},{"@type":"ImageObject","inLanguage":"fr-FR","@id":"https:\/\/manther.de\/2022\/05\/nackt-in-der-oeffentlichkeit\/#primaryimage","url":"https:\/\/manther.de\/wp-content\/uploads\/2022\/05\/nip.png","contentUrl":"https:\/\/manther.de\/wp-content\/uploads\/2022\/05\/nip.png","width":672,"height":385,"caption":"Nude beautiful woman on the nudist beach. Lady with nude perfect body laying on sand. Gorgeous mixed race Caucasian Asian girl posing on travel vacation holidays naked outdoors. Close-up portrait"},{"@type":"BreadcrumbList","@id":"https:\/\/manther.de\/2022\/05\/nackt-in-der-oeffentlichkeit\/#breadcrumb","itemListElement":[{"@type":"ListItem","position":1,"name":"Home","item":"https:\/\/manther.de\/"},{"@type":"ListItem","position":2,"name":"Nackt in der \u00d6ffentlichkeit 1: Freik\u00f6rperkultur"}]},{"@type":"WebSite","@id":"https:\/\/manther.de\/#website","url":"https:\/\/manther.de\/","name":"manther","description":"le magazine de Creative Writing pour la litt\u00e9rature \u00e9rotique","publisher":{"@id":"https:\/\/manther.de\/#\/schema\/person\/5d0a51ad8607f193a3e54080c7286894"},"potentialAction":[{"@type":"SearchAction","target":{"@type":"EntryPoint","urlTemplate":"https:\/\/manther.de\/?s={search_term_string}"},"query-input":{"@type":"PropertyValueSpecification","valueRequired":true,"valueName":"search_term_string"}}],"inLanguage":"fr-FR"},{"@type":["Person","Organization"],"@id":"https:\/\/manther.de\/#\/schema\/person\/5d0a51ad8607f193a3e54080c7286894","name":"Sandra Manther","logo":{"@id":"https:\/\/manther.de\/#\/schema\/person\/image\/"},"description":"Geboren 1981 in Krefeld. Studierte Mediendesign an der hdpk Berlin. Der Liebe wegen ging sie nach Hamburg, wo sie heute als Webdesgnerin in einer bekannten Werbeagentur arbeitet. Sie lebt mit ihrem Mann Marc und den Katzen Mandu und Tharsis in einem Haus im Westen der Stadt.","sameAs":["https:\/\/www.facebook.com\/mantherhh\/","https:\/\/www.pinterest.de\/sandramanther\/","https:\/\/x.com\/Sandra_Manther","https:\/\/www.tumblr.com\/gamma-xi-delta"]},{"@type":"Person","@id":"https:\/\/manther.de\/#\/schema\/person\/1dde90d0b1bd600a76d2e19f5305aa2e","name":"Marc Manther","description":"Geboren 1976 in Bredstedt, Nordfriesland. Studium der Informatik an der CAU in Kiel. Arbeitet heute in der Softwareentwicklung. Lebt mit seiner Frau Sandra und den Katzen Mandu und Tharsis in einem Haus im Westen der Stadt.","url":"https:\/\/manther.de\/fr\/author\/marc\/"}]}},"_links":{"self":[{"href":"https:\/\/manther.de\/fr\/wp-json\/wp\/v2\/posts\/1993","targetHints":{"allow":["GET"]}}],"collection":[{"href":"https:\/\/manther.de\/fr\/wp-json\/wp\/v2\/posts"}],"about":[{"href":"https:\/\/manther.de\/fr\/wp-json\/wp\/v2\/types\/post"}],"author":[{"embeddable":true,"href":"https:\/\/manther.de\/fr\/wp-json\/wp\/v2\/users\/2"}],"replies":[{"embeddable":true,"href":"https:\/\/manther.de\/fr\/wp-json\/wp\/v2\/comments?post=1993"}],"version-history":[{"count":6,"href":"https:\/\/manther.de\/fr\/wp-json\/wp\/v2\/posts\/1993\/revisions"}],"predecessor-version":[{"id":2007,"href":"https:\/\/manther.de\/fr\/wp-json\/wp\/v2\/posts\/1993\/revisions\/2007"}],"wp:featuredmedia":[{"embeddable":true,"href":"https:\/\/manther.de\/fr\/wp-json\/wp\/v2\/media\/1992"}],"wp:attachment":[{"href":"https:\/\/manther.de\/fr\/wp-json\/wp\/v2\/media?parent=1993"}],"wp:term":[{"taxonomy":"category","embeddable":true,"href":"https:\/\/manther.de\/fr\/wp-json\/wp\/v2\/categories?post=1993"},{"taxonomy":"post_tag","embeddable":true,"href":"https:\/\/manther.de\/fr\/wp-json\/wp\/v2\/tags?post=1993"}],"curies":[{"name":"wp","href":"https:\/\/api.w.org\/{rel}","templated":true}]}}